{"id":316,"date":"2024-04-19T10:08:00","date_gmt":"2024-04-19T08:08:00","guid":{"rendered":"https:\/\/www.vvd.nl\/regio-zeeland\/?post_type=news&#038;p=316"},"modified":"2026-03-25T10:10:42","modified_gmt":"2026-03-25T09:10:42","slug":"motie-pfas-coordinatoren","status":"publish","type":"news","link":"https:\/\/www.vvd.nl\/regio-zeeland\/nieuws\/motie-pfas-coordinatoren\/","title":{"rendered":"Motie PFAS Co\u00f6rdinatoren"},"content":{"rendered":"\n<div class=\"block content\">\n\t<div class=\"container\">\n\t\t<p>Motie van de leden De Clerck, Kool-Blokland, Van de Velde, Boone, Heijkoop, Versluijs en Jonker.<\/p>\n<p>Provinciale Staten in vergadering bijeen op 19 april 2024.<\/p>\n<p><b>Constaterende dat:<\/b><\/p>\n<p>\u2022 Op 29 maart 2022 twee PFAS co\u00f6rdinatoren voor Zeeland zijn aangesteld. E\u00e9n vanuit het RIJK en \u00e9\u00e9n vanuit de provincie Zeeland;<\/p>\n<p>\u2022 De co\u00f6rdinatoren zorgdragen voor het aanjagen en stroomlijnen van de lopende acties en onderzoeken inzake PFAS Zeeland en toezien op een kordate aanpak;<\/p>\n<p>\u2022 Zij in mei 2022 een werkplan hebben gepresenteerd met 4 sporen; internationaal, nationaal, onderzoeken en monitoring en communicatie;<\/p>\n<p>\u2022 Zij op basis van halfjaarlijks voortgangsrapportage rapporteren;<\/p>\n<p>\u2022 Uit de brief van GS van 5 maart 2024 voortgangsrapportage PFAS blijkt dat de inzet van de co\u00f6rdinatoren in 2024 gecontinueerd wordt;<\/p>\n<p>\u2022 Uit de meest recente voortgangsrapportage PFAS blijkt dat er resultaten zijn behaald, maar er ook nog veel nodig is om de PFAS kraan dicht te draaien.<\/p>\n<p><b>Overwegende dat<\/b>:<\/p>\n<p>\u2022 De PFAS kraan nog niet dichtgedraaid is;<\/p>\n<p>\u2022 Er onder de inwoners van Zeeland nog steeds veel vragen leven over de effecten van PFAS op hun gezondheid;<\/p>\n<p>\u2022 Diverse onderzoeksresultaten zoals de impactanalyse PFAS en de PFAS aandachtlocaties eind 2024 verwacht worden;<\/p>\n<p><b>.\u00a0<\/b>Er een RIVM verkenning loopt naar gezondheidsonderzoek Chemours en Westerschelde;<\/p>\n<p>\u2022 Het aanjagen en stroomlijnen van acties en onderzoeken nog steeds hard nodig is.<\/p>\n<p><b>Dragen het college van Gedeputeerde Staten op:<\/b><\/p>\n<p>\u2022 Om de inzet van de PFAS co\u00f6rdinator provincie Zeeland te continueren in 2025;<\/p>\n<p>\u2022 Om er in de gesprekken met het Rijk op aan te dringen om de PFAS co\u00f6rdinator vanuit het Rijk te continueren\u00a0 \u00a0 in 2025.<\/p>\n<p>\u2022 Dit najaar het werkplan van de co\u00f6rdinatoren te evalueren en op basis daarvan met een nieuw werkplan te komen en deze met Provinciale Staten te bespreken;<\/p>\n<p>\u2022 Tijdens de verlenging van de opdracht (co\u00f6rdinator Rijk) extra aandacht te geven aan nieuwe internationale afspraken om (potentieel) zeer zorgwekkende stoffen te verminderen zodat de Westerschelde en Kanaal van\u00a0 Gent-Terneuzen daadwerkelijk schoner worden.<\/p>\n<p><b>En gaan over tot de orde van de dag;<\/b><\/p>\n<p><b><br \/>\n<\/b>D. de Clerck\u00a0 \u00a0J.L. Kool-Blokland\u00a0 \u00a0J. Van de Velde\u00a0 \u00a0 M.A.Boone-Tuijnman\u00a0 \u00a0 G. Heijkoop\u00a0 \u00a0 \u00a0W. Versluijs<\/p>\n<p>VVD\u00a0 \u00a0 \u00a0 \u00a0 \u00a0 \u00a0 \u00a0 \u00a0 CDA\u00a0 \u00a0 \u00a0 \u00a0 \u00a0 \u00a0 \u00a0 \u00a0 \u00a0 \u00a0 \u00a0 \u00a0 \u00a0 \u00a0SGP\u00a0 \u00a0 \u00a0 \u00a0 \u00a0 \u00a0 \u00a0 \u00a0 \u00a0 \u00a0 \u00a0 \u00a0 BBB\u00a0 \u00a0 \u00a0 \u00a0 \u00a0 \u00a0 \u00a0 \u00a0 \u00a0 \u00a0 \u00a0 \u00a0 \u00a0 \u00a0 \u00a0 \u00a0 \u00a0 JA 21\u00a0 \u00a0 \u00a0 \u00a0 \u00a0 \u00a0 \u00a0 \u00a0 \u00a0D66<\/p>\n<p>E.A. Jonker<\/p>\n<p>PVDA-Groenlinks<\/p>\n\t<\/div>\n<\/div>\n","protected":false},"featured_media":317,"template":"","subject":[],"news_tag":[],"nationwide_theme":[],"local_theme":[],"location":[],"class_list":["post-316","news","type-news","status-publish","has-post-thumbnail","hentry"],"acf":[],"publishpress_future_workflow_manual_trigger":{"enabledWorkflows":[]},"_links":{"self":[{"href":"https:\/\/www.vvd.nl\/regio-zeeland\/wp-json\/wp\/v2\/news\/316","targetHints":{"allow":["GET"]}}],"collection":[{"href":"https:\/\/www.vvd.nl\/regio-zeeland\/wp-json\/wp\/v2\/news"}],"about":[{"href":"https:\/\/www.vvd.nl\/regio-zeeland\/wp-json\/wp\/v2\/types\/news"}],"wp:featuredmedia":[{"embeddable":true,"href":"https:\/\/www.vvd.nl\/regio-zeeland\/wp-json\/wp\/v2\/media\/317"}],"wp:attachment":[{"href":"https:\/\/www.vvd.nl\/regio-zeeland\/wp-json\/wp\/v2\/media?parent=316"}],"wp:term":[{"taxonomy":"subject","embeddable":true,"href":"https:\/\/www.vvd.nl\/regio-zeeland\/wp-json\/wp\/v2\/subject?post=316"},{"taxonomy":"news_tag","embeddable":true,"href":"https:\/\/www.vvd.nl\/regio-zeeland\/wp-json\/wp\/v2\/news_tag?post=316"},{"taxonomy":"nationwide_theme","embeddable":true,"href":"https:\/\/www.vvd.nl\/regio-zeeland\/wp-json\/wp\/v2\/nationwide_theme?post=316"},{"taxonomy":"local_theme","embeddable":true,"href":"https:\/\/www.vvd.nl\/regio-zeeland\/wp-json\/wp\/v2\/local_theme?post=316"},{"taxonomy":"location","embeddable":true,"href":"https:\/\/www.vvd.nl\/regio-zeeland\/wp-json\/wp\/v2\/location?post=316"}],"curies":[{"name":"wp","href":"https:\/\/api.w.org\/{rel}","templated":true}]}}