{"id":197,"date":"2025-11-12T15:39:36","date_gmt":"2025-11-12T14:39:36","guid":{"rendered":"https:\/\/www.vvd.nl\/regio-zeeland\/?post_type=news&#038;p=197"},"modified":"2026-03-11T15:42:52","modified_gmt":"2026-03-11T14:42:52","slug":"dick-van-der-velde-draagt-het-stokje-over-danielle-de-clerck-voorgedragen-als-nieuwe-gedeputeerde","status":"publish","type":"news","link":"https:\/\/www.vvd.nl\/regio-zeeland\/nieuws\/dick-van-der-velde-draagt-het-stokje-over-danielle-de-clerck-voorgedragen-als-nieuwe-gedeputeerde\/","title":{"rendered":"Dick van der Velde draagt het stokje over: Dani\u00eblle de Clerck voorgedragen als nieuwe gedeputeerde"},"content":{"rendered":"\n<div class=\"block content\">\n\t<div class=\"container\">\n\t\t<p style=\"font-weight: 400\"><em>Gedeputeerde\u00a0Dick van der Velde\u00a0legt op 6 februari 2026 zijn functie neer. Dat kondigde hij vandaag (woensdag 12 november) aan. De VVD-Statenfractie draagt\u00a0Dani\u00eblle de Clerck, momenteel fractievoorzitter, voor als zijn opvolger in het college van Gedeputeerde Staten van Zeeland.<\/em><\/p>\n<p style=\"font-weight: 400\">Dick geeft aan dat dit voor hem het juiste moment is om het stokje over te dragen. De komende periode wordt volgens hem er \u00e9\u00e9n van veel nieuwe kennismakingen \u2013 met een nieuw kabinet en de gemeenteraadsverkiezingen in het voorjaar. Hij ziet het als een logisch moment voor een opvolger om in te stappen en direct te kunnen investeren in een eigen netwerk.<\/p>\n<p style=\"font-weight: 400\">Ook speelt mee dat hij zich voor de volgende Statenverkiezingen niet meer verkiesbaar had willen stellen. Met zijn 67e verjaardag in december in zicht vindt hij het verstandig om de overdracht niet verder uit te stellen. Tot februari blijft hij zich, zoals hij zegt, \u201cvolle bak inzetten voor zijn dossiers\u201d.<\/p>\n<p>Dick is sinds 2019 gedeputeerde voor onder andere milieu, ruimtelijke ordening, wonen, ICT en recreatie &amp; toerisme. Daarvoor werkte hij onder meer als horecaondernemer, ondernemersmanager in Veere en projectmanager bij Impuls Zeeland. Eerder zat hij ruim negen jaar in de gemeenteraad van Goes voor de VVD.<\/p>\n<p style=\"font-weight: 400\"><b><strong>Reactie vanuit de Statenfractie<\/strong><\/b><\/p>\n<p style=\"font-weight: 400\">Fractievoorzitter Dani\u00eblle de Clerck reageert namens de fractie: \u201cWij betreuren het vertrek van Dick en respecteren zijn besluit. De afgelopen zes jaar hebben we hem ervaren als een oprechte en nuchtere bestuurder, die heel open en benaderbaar opereerde. Daardoor was er altijd een goede verstandhouding met de fractie. Hij heeft zich enorm hard gemaakt voor het PFAS-dossier. Dat heeft Dick echt op de agenda gezet, en hij heeft zijn nek uitgestoken om de PFAS-waarden in de Westerschelde terug te dringen. Verder is het hem gelukt om de Zeeuwse Woonagenda en Woondeal vast te stellen en daar samen met alle partijen uitvoering aan te geven.\u201d<\/p>\n<p style=\"font-weight: 400\"><b><strong>Voordracht Dani\u00eblle de Clerck<\/strong><\/b><\/p>\n<p style=\"font-weight: 400\">Met het aangekondigde vertrek van Dick van der Velde heeft de VVD-Statenfractie unaniem besloten om\u00a0Dani\u00eblle de Clerck\u00a0voor te dragen als nieuwe gedeputeerde. Volgens vicefractievoorzitter\u00a0Marianne Reinders-Stijnman\u00a0is Dani\u00eblle een sterke keuze na een zorgvuldig doorlopen selectieproces.<\/p>\n<p style=\"font-weight: 400\">\u201cWe hebben met meerdere kandidaten gesproken en zijn tot deze keuze gekozen. Dani\u00eblle is relatief jong, maar heeft met bijna twee periodes in de Staten een schat aan politieke ervaring. Daardoor heeft ze grote dossierkennis, wat belangrijk is voor de continu\u00efteit. Dani\u00eblle is enorm betrokken en gedreven, en heeft een liberaal \u00e9n Zeeuws hart \u2013 een mooie combinatie. Haar grote netwerk, binnen Zeeland en landelijk, komt in haar nieuwe rol goed van pas.\u201d<\/p>\n<p style=\"font-weight: 400\"><b><strong>Springplank politiek talent<\/strong><\/b><\/p>\n<p style=\"font-weight: 400\">Tot slot merkt Marianne nog op: \u201cDe VVD-Statenfractie is deze periode een springplank gebleken voor politiek talent. Cees Pille werd burgemeester en Bj\u00f6rn Schutz Tweede Kamerlid. We vertrouwen erop dat onze voordracht door de Statenvergadering van 6 februari 2026 wordt ondersteund.\u201d<\/p>\n<p style=\"font-weight: 400\">Tot aan haar installatie blijft Dani\u00eblle de Clerck actief als fractievoorzitter. Ze laat weten dankbaar te zijn voor het vertrouwen van de fractie en kijkt ernaar uit om vanuit het college te werken aan een sterk en toekomstbestendig Zeeland.<\/p>\n<p style=\"font-weight: 400\">\n\t<\/div>\n<\/div>\n","protected":false},"featured_media":198,"template":"","subject":[],"news_tag":[],"nationwide_theme":[],"local_theme":[],"location":[],"class_list":["post-197","news","type-news","status-publish","has-post-thumbnail","hentry"],"acf":[],"publishpress_future_workflow_manual_trigger":{"enabledWorkflows":[]},"_links":{"self":[{"href":"https:\/\/www.vvd.nl\/regio-zeeland\/wp-json\/wp\/v2\/news\/197","targetHints":{"allow":["GET"]}}],"collection":[{"href":"https:\/\/www.vvd.nl\/regio-zeeland\/wp-json\/wp\/v2\/news"}],"about":[{"href":"https:\/\/www.vvd.nl\/regio-zeeland\/wp-json\/wp\/v2\/types\/news"}],"wp:featuredmedia":[{"embeddable":true,"href":"https:\/\/www.vvd.nl\/regio-zeeland\/wp-json\/wp\/v2\/media\/198"}],"wp:attachment":[{"href":"https:\/\/www.vvd.nl\/regio-zeeland\/wp-json\/wp\/v2\/media?parent=197"}],"wp:term":[{"taxonomy":"subject","embeddable":true,"href":"https:\/\/www.vvd.nl\/regio-zeeland\/wp-json\/wp\/v2\/subject?post=197"},{"taxonomy":"news_tag","embeddable":true,"href":"https:\/\/www.vvd.nl\/regio-zeeland\/wp-json\/wp\/v2\/news_tag?post=197"},{"taxonomy":"nationwide_theme","embeddable":true,"href":"https:\/\/www.vvd.nl\/regio-zeeland\/wp-json\/wp\/v2\/nationwide_theme?post=197"},{"taxonomy":"local_theme","embeddable":true,"href":"https:\/\/www.vvd.nl\/regio-zeeland\/wp-json\/wp\/v2\/local_theme?post=197"},{"taxonomy":"location","embeddable":true,"href":"https:\/\/www.vvd.nl\/regio-zeeland\/wp-json\/wp\/v2\/location?post=197"}],"curies":[{"name":"wp","href":"https:\/\/api.w.org\/{rel}","templated":true}]}}