{"id":162,"date":"2026-02-17T10:36:01","date_gmt":"2026-02-17T09:36:01","guid":{"rendered":"https:\/\/www.vvd.nl\/regio-friesland\/?post_type=news&#038;p=162"},"modified":"2026-03-04T10:36:10","modified_gmt":"2026-03-04T09:36:10","slug":"maak-fryslan-een-aantrekkelijke-werkgever","status":"publish","type":"news","link":"https:\/\/www.vvd.nl\/regio-friesland\/nieuws\/maak-fryslan-een-aantrekkelijke-werkgever\/","title":{"rendered":"Maak Frysl\u00e2n een aantrekkelijke werkgever"},"content":{"rendered":"\n<div class=\"block content\">\n\t<div class=\"container\">\n\t\t<p>Veel jonge werknemers beginnen hun carri\u00e8re met een flinke studieschuld. Dit vormt een grote financi\u00eble last, die het moeilijk maakt om bijvoorbeeld een huis te kopen of een gezin te starten. Daarom heeft de VVD Frysl\u00e2n, met brede steun van de andere partijen, een motie ingediend om provincieambtenaren de mogelijkheid te geven hun\u00a0<strong>Individueel Keuzebudget (IKB)<\/strong>\u00a0belastingvrij in te zetten voor het aflossen van hun studieschuld.<\/p>\n<h3><strong>Waarom is dit belangrijk?<\/strong><\/h3>\n<p><strong>Financi\u00eble verlichting<\/strong>\u00a0\u2013 Medewerkers krijgen meer ruimte om sneller hun studieschuld af te lossen.<br \/>\n<strong>Aantrekkelijk werkgeverschap<\/strong>\u00a0\u2013 Grote werkgevers zoals de Rijksoverheid, ProRail en KPN doen dit al. Frysl\u00e2n moet hierin niet achterblijven.<br \/>\n<strong>Geen extra kosten<\/strong>\u00a0\u2013 Dit initiatief gebruikt bestaande regelingen en brengt geen extra financi\u00eble lasten met zich mee voor de provincie.<br \/>\n<strong>Talent aantrekken en behouden<\/strong>\u00a0\u2013 In een krappe arbeidsmarkt moeten we zorgen dat Frysl\u00e2n een aantrekkelijke werkgever blijft.<\/p>\n<p>De VVD Frysl\u00e2n vindt het belangrijk dat we onze medewerkers dezelfde kansen bieden als andere werkgevers. Daarom roepen we Gedeputeerde Staten op om deze regeling te implementeren, en indien nodig, mee te nemen in de aankomende CAO-onderhandelingen.<\/p>\n\t<\/div>\n<\/div>\n","protected":false},"featured_media":151,"template":"","subject":[33,27,21],"news_tag":[],"nationwide_theme":[],"local_theme":[36,47],"location":[],"class_list":["post-162","news","type-news","status-publish","has-post-thumbnail","hentry","subject-martijn-brands","subject-werken","subject-provinciale-statenfractie","local_theme-martijn-brands","local_theme-werken"],"acf":[],"publishpress_future_workflow_manual_trigger":{"enabledWorkflows":[]},"_links":{"self":[{"href":"https:\/\/www.vvd.nl\/regio-friesland\/wp-json\/wp\/v2\/news\/162","targetHints":{"allow":["GET"]}}],"collection":[{"href":"https:\/\/www.vvd.nl\/regio-friesland\/wp-json\/wp\/v2\/news"}],"about":[{"href":"https:\/\/www.vvd.nl\/regio-friesland\/wp-json\/wp\/v2\/types\/news"}],"wp:featuredmedia":[{"embeddable":true,"href":"https:\/\/www.vvd.nl\/regio-friesland\/wp-json\/wp\/v2\/media\/151"}],"wp:attachment":[{"href":"https:\/\/www.vvd.nl\/regio-friesland\/wp-json\/wp\/v2\/media?parent=162"}],"wp:term":[{"taxonomy":"subject","embeddable":true,"href":"https:\/\/www.vvd.nl\/regio-friesland\/wp-json\/wp\/v2\/subject?post=162"},{"taxonomy":"news_tag","embeddable":true,"href":"https:\/\/www.vvd.nl\/regio-friesland\/wp-json\/wp\/v2\/news_tag?post=162"},{"taxonomy":"nationwide_theme","embeddable":true,"href":"https:\/\/www.vvd.nl\/regio-friesland\/wp-json\/wp\/v2\/nationwide_theme?post=162"},{"taxonomy":"local_theme","embeddable":true,"href":"https:\/\/www.vvd.nl\/regio-friesland\/wp-json\/wp\/v2\/local_theme?post=162"},{"taxonomy":"location","embeddable":true,"href":"https:\/\/www.vvd.nl\/regio-friesland\/wp-json\/wp\/v2\/location?post=162"}],"curies":[{"name":"wp","href":"https:\/\/api.w.org\/{rel}","templated":true}]}}