{"id":158,"date":"2026-02-17T10:31:15","date_gmt":"2026-02-17T09:31:15","guid":{"rendered":"https:\/\/www.vvd.nl\/regio-friesland\/?post_type=news&#038;p=158"},"modified":"2026-03-04T10:32:08","modified_gmt":"2026-03-04T09:32:08","slug":"samen-sterk-voor-een-levendige-evenementenwereld-in-fryslan","status":"publish","type":"news","link":"https:\/\/www.vvd.nl\/regio-friesland\/nieuws\/samen-sterk-voor-een-levendige-evenementenwereld-in-fryslan\/","title":{"rendered":"Samen sterk voor een levendige evenementenwereld in Frysl\u00e2n"},"content":{"rendered":"\n<div class=\"block content\">\n\t<div class=\"container\">\n\t\t<p>Na een traject van twee jaar vol inzet, overleg en samenwerking, zijn we trots te kunnen melden dat de motie &#8220;Hier is dat Feestje&#8221; met succes is afgerond. Dit initiatief, ge\u00efnitieerd door de VVD en gesteund door diverse Statenfracties, richtte zich op het aanpakken van de regeldruk en het verbeteren van de ondersteuning voor organisatoren van dorpsfeesten en evenementen in onze provincie.<\/p>\n<h4><strong>Het probleem en onze visie<\/strong><\/h4>\n<p>Frysl\u00e2n kent een rijke traditie van dorpsfeesten en evenementen die bijdragen aan de Mienskip en de leefbaarheid in dorpen en steden. Helaas zien we deze evenementen steeds vaker onder druk staan door complexe vergunningsprocedures en hoge regeldruk. Voor de VVD is het duidelijk: deze evenementen zijn onmisbaar. Daarom hebben we gepleit voor een oplossing die de organisatoren ondersteunt en het proces eenvoudiger maakt.<\/p>\n<h4><strong>Van motie naar realisatie<\/strong><\/h4>\n<p>De motie, ingediend op 27 september 2023, riep op tot het oprichten van een &#8220;dorpsfeest- en evenementenloket.&#8221; Hoewel geen fysiek loket, is er nu de mogelijkheid om de provincie te bereiken tijdens het evenementenspreekuur.\u00a0 Gerealiseerd voor kennisdeling, samenwerking en begeleiding. Op 26 november 2024 werd een belangrijke mijlpaal bereikt met een grote bijeenkomst van organisatoren, gemeentevertegenwoordigers en hulpdiensten. Deze avond bood een inspirerend podium voor het delen van idee\u00ebn en oplossingen.<\/p>\n<p>Belangrijke uitkomsten van de bijeenkomst:<\/p>\n<ul>\n<li>Gemeenten werken straks nauwer samen via co\u00f6rdinatoren.<\/li>\n<li>Er wordt gestreefd naar een uniform en toegankelijk proces voor evenementenvergunningen.<\/li>\n<li>De focus ligt op kennisdeling zonder extra financi\u00eble lasten voor de provincie.<\/li>\n<\/ul>\n<h4><strong>Onze kernwaarden in actie<\/strong><\/h4>\n<p>Deze motie sluit naadloos aan bij de kernwaarden van de VVD. Wij geloven in een provincie die regeldruk vermindert en inwoners ondersteunt zonder hen onnodig te belasten. Het resultaat? Een effici\u00ebntere overheid die ruimte geeft aan ondernemerschap en initiatieven uit de Mienskip.<\/p>\n<h4><strong>Samen verder<\/strong><\/h4>\n<p>Hoewel deze motie nu is afgerond, blijven we ons inzetten voor het behoud en de versterking van de Friese evenementenwereld. De samenwerking met gemeenten en hulpdiensten wordt voortgezet, en wij blijven signalen vanuit de samenleving oppakken. Samen werken we aan een provincie waar traditie en innovatie hand in hand gaan.<\/p>\n<p>Hebben jullie vragen, idee\u00ebn, of ervaringen die jullie willen delen? Neem dan gerust contact met ons op. Samen maken we Frysl\u00e2n n\u00f3g mooier.<\/p>\n\t<\/div>\n<\/div>\n","protected":false},"featured_media":155,"template":"","subject":[20,34,33,21],"news_tag":[],"nationwide_theme":[],"local_theme":[36,40,41],"location":[],"class_list":["post-158","news","type-news","status-publish","has-post-thumbnail","hentry","subject-evenementen","subject-cultuur","subject-martijn-brands","subject-provinciale-statenfractie","local_theme-martijn-brands","local_theme-cultuur","local_theme-evenementen"],"acf":[],"publishpress_future_workflow_manual_trigger":{"enabledWorkflows":[]},"_links":{"self":[{"href":"https:\/\/www.vvd.nl\/regio-friesland\/wp-json\/wp\/v2\/news\/158","targetHints":{"allow":["GET"]}}],"collection":[{"href":"https:\/\/www.vvd.nl\/regio-friesland\/wp-json\/wp\/v2\/news"}],"about":[{"href":"https:\/\/www.vvd.nl\/regio-friesland\/wp-json\/wp\/v2\/types\/news"}],"wp:featuredmedia":[{"embeddable":true,"href":"https:\/\/www.vvd.nl\/regio-friesland\/wp-json\/wp\/v2\/media\/155"}],"wp:attachment":[{"href":"https:\/\/www.vvd.nl\/regio-friesland\/wp-json\/wp\/v2\/media?parent=158"}],"wp:term":[{"taxonomy":"subject","embeddable":true,"href":"https:\/\/www.vvd.nl\/regio-friesland\/wp-json\/wp\/v2\/subject?post=158"},{"taxonomy":"news_tag","embeddable":true,"href":"https:\/\/www.vvd.nl\/regio-friesland\/wp-json\/wp\/v2\/news_tag?post=158"},{"taxonomy":"nationwide_theme","embeddable":true,"href":"https:\/\/www.vvd.nl\/regio-friesland\/wp-json\/wp\/v2\/nationwide_theme?post=158"},{"taxonomy":"local_theme","embeddable":true,"href":"https:\/\/www.vvd.nl\/regio-friesland\/wp-json\/wp\/v2\/local_theme?post=158"},{"taxonomy":"location","embeddable":true,"href":"https:\/\/www.vvd.nl\/regio-friesland\/wp-json\/wp\/v2\/location?post=158"}],"curies":[{"name":"wp","href":"https:\/\/api.w.org\/{rel}","templated":true}]}}