{"id":157,"date":"2026-02-17T10:29:52","date_gmt":"2026-02-17T09:29:52","guid":{"rendered":"https:\/\/www.vvd.nl\/regio-friesland\/?post_type=news&#038;p=157"},"modified":"2026-03-04T10:30:52","modified_gmt":"2026-03-04T09:30:52","slug":"vvd-vindt-hogere-opcenten-bizar","status":"publish","type":"news","link":"https:\/\/www.vvd.nl\/regio-friesland\/nieuws\/vvd-vindt-hogere-opcenten-bizar\/","title":{"rendered":"VVD vindt hogere opcenten bizar"},"content":{"rendered":"\n<div class=\"block content\">\n\t<div class=\"container\">\n\t\t<p>VVD-fractievoorzitter Eric ter Keurs stak zijn verbazing over de begroting van de provincie Frysl\u00e2n voor volgend jaar niet onder stoelen of banken, woensdag tijdens een commissievergadering van de Friese Staten. Gedeputeerde Staten (BBB, CDA, FNP en CU) hebben in hun begroting opgenomen om de provinciale opcenten op de motorrijtuigenbelasting te verhogen met 2,8 procent. Daardoor stijgt deze door de Friese automobilist en motorrijder opgebrachte inkomstenbron met 2 miljoen euro naar 74,6 miljoen euro.<\/p>\n<p>\u2018Geld klotst bij de plinten op\u2019 Ter Keurs noemde de belastingverhoging bizar, omdat het geld bij de provincie ,,weer bij de plinten op klotst\u201d en omdat de Friese opcenten nu al hoger liggen dan het landelijk gemiddelde. ,,Waarom, waarom dan toch deze verhoging?\u201d Frysl\u00e2n zit weer een stuk ruimer bij kas dankzij onder meer een hoger dan verwachte uitkering uit het provinciefonds. De begroting voor volgend jaar\u00a0stijgt met 40 miljoen euro naar 567 miljoen euro en de reserves nemen toe met ruim 80 miljoen euro naar 122,6 miljoen euro. In 2027, aan het einde van deze coalitieperiode, zou er weer ruim 30 miljoen euro extra te besteden zijn.<\/p>\n<p>\u2018Provincie kan extra structurele inkomsten niet missen\u2019 Gedeputeerde Eke Folkerts (BBB, financi\u00ebn) voelde er echter weinig voor om de verhoging van de opcenten ongedaan te maken. Volgens haar kan Frysl\u00e2n deze extra structurele inkomsten op termijn niet missen. Dat de provincie financieel weer beter boert, is volgens haar ook te danken aan extra incidenteel geld. Ter Keurs bleef de ,,onnodig, zuinige manier\u2019\u2019 van begroten hekelen. Hij kreeg daarbij steun van PVV en GrienLinks. ,,Als gemeenten in dezelfde financi\u00eble positie zouden verkeren als onze provincie, dan zouden de champagneflessen massaal ontkurkt worden.\u201d<\/p>\n<p>Andere fracties lieten nog niet het achterste van hun tong zien. Alleen het CDA verklaarde wel begrip te hebben voor een verhoging van de provinciale opcenten. Fractievoorzitter Aebe Aalberts waarschuwde dat 2027 wel eens een ravijnjaar zou kunnen worden. In navolging van Folkerts bestreed hij het beeld dat de provincie onnodig op de centen zit. Er wordt volgens Aalberts en Folkerts wel degelijk ge\u00efnvesteerd in de Friese samenleving. Aalberts: ,,De folgjende ko\u00e4lysje hat likern\u00f4ch 90 miljoen euro oan ynsidinteel jild minder te besteegjen. Dit bedrach fierder oprinne litte, soe net tsj\u00fbgje fan goed rintmasterskip.\u201d Zorgen over Friese natuur PvdA uitte vooral haar zorgen over de Friese natuur. Volgens Klaas Zwart toont Gedeputeerde Staten in de nieuwe begroting veel te weinig ambitie om de doelen te realiseren met het Friese natuurnetwerk en de weidevogels. Voor de gidssoort grutto streeft Frysl\u00e2n naar minimaal 10.000 broedparen in 2030. Nu zijn dat er 8500.<\/p>\n\t<\/div>\n<\/div>\n","protected":false},"featured_media":142,"template":"","subject":[32,31,21],"news_tag":[],"nationwide_theme":[],"local_theme":[37,43],"location":[],"class_list":["post-157","news","type-news","status-publish","has-post-thumbnail","hentry","subject-eric-ter-keurs","subject-belasting","subject-provinciale-statenfractie","local_theme-eric-ter-keurs","local_theme-belasting"],"acf":[],"publishpress_future_workflow_manual_trigger":{"enabledWorkflows":[]},"_links":{"self":[{"href":"https:\/\/www.vvd.nl\/regio-friesland\/wp-json\/wp\/v2\/news\/157","targetHints":{"allow":["GET"]}}],"collection":[{"href":"https:\/\/www.vvd.nl\/regio-friesland\/wp-json\/wp\/v2\/news"}],"about":[{"href":"https:\/\/www.vvd.nl\/regio-friesland\/wp-json\/wp\/v2\/types\/news"}],"wp:featuredmedia":[{"embeddable":true,"href":"https:\/\/www.vvd.nl\/regio-friesland\/wp-json\/wp\/v2\/media\/142"}],"wp:attachment":[{"href":"https:\/\/www.vvd.nl\/regio-friesland\/wp-json\/wp\/v2\/media?parent=157"}],"wp:term":[{"taxonomy":"subject","embeddable":true,"href":"https:\/\/www.vvd.nl\/regio-friesland\/wp-json\/wp\/v2\/subject?post=157"},{"taxonomy":"news_tag","embeddable":true,"href":"https:\/\/www.vvd.nl\/regio-friesland\/wp-json\/wp\/v2\/news_tag?post=157"},{"taxonomy":"nationwide_theme","embeddable":true,"href":"https:\/\/www.vvd.nl\/regio-friesland\/wp-json\/wp\/v2\/nationwide_theme?post=157"},{"taxonomy":"local_theme","embeddable":true,"href":"https:\/\/www.vvd.nl\/regio-friesland\/wp-json\/wp\/v2\/local_theme?post=157"},{"taxonomy":"location","embeddable":true,"href":"https:\/\/www.vvd.nl\/regio-friesland\/wp-json\/wp\/v2\/location?post=157"}],"curies":[{"name":"wp","href":"https:\/\/api.w.org\/{rel}","templated":true}]}}