{"id":132,"date":"2026-02-17T09:28:57","date_gmt":"2026-02-17T08:28:57","guid":{"rendered":"https:\/\/www.vvd.nl\/regio-friesland\/?post_type=news&#038;p=132"},"modified":"2026-03-04T10:03:21","modified_gmt":"2026-03-04T09:03:21","slug":"waar-is-dat-feestje-niet-in-fryslan","status":"publish","type":"news","link":"https:\/\/www.vvd.nl\/regio-friesland\/nieuws\/waar-is-dat-feestje-niet-in-fryslan\/","title":{"rendered":"Waar is dat feestje? Niet in Frysl\u00e2n\u2026"},"content":{"rendered":"\n<div class=\"block content\">\n\t<div class=\"container\">\n\t\t<p>Psy-Fi, Welcome to the Village en nu Psyl\u00e2n. Wie dacht dat Frysl\u00e2n een prima provincie was voor een festival blijkt ernaast te zitten. Stuk voor stuk worden ze uit de provincie gedreven door juridische trucjes, afgedwongen door stichtingen als Groene Ster Duurzaam en gefaciliteerd door de nalatigheid van gemeenten. Niet omdat Frysl\u00e2n of onze natuur daar beter van wordt, maar uit een soort messiascomplex.<\/p>\n<p>Wie vandaag de dag een dorpsfeest of festival organiseert, krijgt te maken met een stapel papierwerk om een vergunning te krijgen. Op zichzelf al een onwenselijke ontwikkeling.<\/p>\n<p>Het moet namelijk niet onmogelijk worden een leuk feestje te organiseren, vooral na twee zware coronajaren. Goed voor de makers in de cultuursector, goed voor de bedrijvigheid, maar vooral ook goed voor de inwoners die ervan kunnen genieten.<\/p>\n<h2>Driekoppige wurgslang<\/h2>\n<p>Maar de afgelopen jaren kwam er een derde tegenstander bij voor de Friese festivals. Een open deur in de afgesloten feesttent is genoeg voor stichting Groene Ster Duurzaam om hun kans schoon te zien de vergunning voor een festival als Psyl\u00e2n aan te vechten (\u00a0<em>LC\u00a0<\/em>28 juni).<\/p>\n<p>Ook gemeenten zouden zich meer moeten inzetten voor het behoud van deze festivals. Zo hadden de verouderde bestemmingsplannen die de evenementen in de weg zitten al lang aangepast kunnen worden. Stichtingen zoals Groene Ster Duurzaam maken goed gebruik van deze nalatigheid van de gemeenten.<\/p>\n<p>Zo is er een driekoppige wurgslang ontstaan die de Friese festivalsector verstikt. Naast de klappen van corona en de bureaucratische hoepels om door te springen wordt iedere beleidsregel er nog eens nauwkeurig op nagelezen om te kijken of een festival onmogelijk kan worden gemaakt. Dit op plekken die nota bene bedoeld zijn om te recre\u00ebren en elkaar te ontmoeten.<\/p>\n<h2>Leven en laten leven<\/h2>\n<p>Met een bepaalde arrogantie noemt de stichtingsvoorzitter het een ,,simpele zaak\u2019\u2019, waarna hij zijn zekerheid uitspreekt dat de rechter het festival tegen zal houden. Een overwinning voor de stichting: n\u00f3g een geannuleerd festival met duizenden teleurgestelde bezoekers.<\/p>\n<p>Er valt veel te zeggen over hoe we met de natuur omgaan in Frysl\u00e2n. We hebben immers een grote verantwoordelijkheid voor onze natuur en de dieren die daarin leven. Maar misschien wel net zo prangend is de vraag hoe we met elkaar omgaan. Wie naast een recreatiegebied gaat wonen kan verwachten dat er soms luide muziek wordt gespeeld. En in ruil daarvoor leef je in een prachtige omgeving, waar je de rest van het jaar van kan genieten. Leven en laten leven noemt men dat.<\/p>\n<h2>Nalatenschap<\/h2>\n<p>En vooral ook s\u00e1men leven. Leeuwarden \u2013 Frysl\u00e2n werd in 2018 Culturele Hoofdstad vanwege de sterke\u00a0<em>mienskip\u00a0<\/em>. Hier gunt men elkaar wat en doen we dingen samen. Is d\u00edt dan de nalatenschap? Hebben we in de coronatijd niet gemerkt wat niet samen kunnen komen met jongeren doet? Of moeten we straks met z\u2019n allen naar de Randstad of het Zuiden afreizen voor een festival? Urenlang reizen voor iets wat altijd naast de deur mogelijk was, en nog steeds zou moeten zijn.<\/p>\n<p>Het aanpassen van het gemeentelijke bestemmingsplan om dit soort frustrerende rechtszaken de wereld uit te helpen zal, hoewel hoognodig, niet lukken op korte termijn.<\/p>\n<p>Daarom roepen VVD, JA21 en D66 stichting Groene Ster Duurzaam op om ook hun medemens voor ogen te houden. Kom op voor de natuur zonder dat dat ten koste gaat van de culturele sector en onze\u00a0<em>mienskip\u00a0<\/em>. Leef en laat leven.<\/p>\n<p><em>Martijn Brands (VVD Frysl\u00e2n), Maarten Goudzwaard (JA21 Frysl\u00e2n), Danny van der Weijde (D66 Frysl\u00e2n), Marcel Visser (VVD Leeuwarden) en Julie Bruijnincx (D66 Leeuwarden)<\/em><\/p>\n\t<\/div>\n<\/div>\n","protected":false},"featured_media":141,"template":"","subject":[20,34,33,21],"news_tag":[],"nationwide_theme":[],"local_theme":[36,40,41],"location":[],"class_list":["post-132","news","type-news","status-publish","has-post-thumbnail","hentry","subject-evenementen","subject-cultuur","subject-martijn-brands","subject-provinciale-statenfractie","local_theme-martijn-brands","local_theme-cultuur","local_theme-evenementen"],"acf":[],"publishpress_future_workflow_manual_trigger":{"enabledWorkflows":[]},"_links":{"self":[{"href":"https:\/\/www.vvd.nl\/regio-friesland\/wp-json\/wp\/v2\/news\/132","targetHints":{"allow":["GET"]}}],"collection":[{"href":"https:\/\/www.vvd.nl\/regio-friesland\/wp-json\/wp\/v2\/news"}],"about":[{"href":"https:\/\/www.vvd.nl\/regio-friesland\/wp-json\/wp\/v2\/types\/news"}],"wp:featuredmedia":[{"embeddable":true,"href":"https:\/\/www.vvd.nl\/regio-friesland\/wp-json\/wp\/v2\/media\/141"}],"wp:attachment":[{"href":"https:\/\/www.vvd.nl\/regio-friesland\/wp-json\/wp\/v2\/media?parent=132"}],"wp:term":[{"taxonomy":"subject","embeddable":true,"href":"https:\/\/www.vvd.nl\/regio-friesland\/wp-json\/wp\/v2\/subject?post=132"},{"taxonomy":"news_tag","embeddable":true,"href":"https:\/\/www.vvd.nl\/regio-friesland\/wp-json\/wp\/v2\/news_tag?post=132"},{"taxonomy":"nationwide_theme","embeddable":true,"href":"https:\/\/www.vvd.nl\/regio-friesland\/wp-json\/wp\/v2\/nationwide_theme?post=132"},{"taxonomy":"local_theme","embeddable":true,"href":"https:\/\/www.vvd.nl\/regio-friesland\/wp-json\/wp\/v2\/local_theme?post=132"},{"taxonomy":"location","embeddable":true,"href":"https:\/\/www.vvd.nl\/regio-friesland\/wp-json\/wp\/v2\/location?post=132"}],"curies":[{"name":"wp","href":"https:\/\/api.w.org\/{rel}","templated":true}]}}