{"id":338,"date":"2026-03-04T23:21:46","date_gmt":"2026-03-04T22:21:46","guid":{"rendered":"https:\/\/www.vvd.nl\/lokaal-netwerk-eemsdelta\/?post_type=news&#038;p=338"},"modified":"2026-03-09T22:46:16","modified_gmt":"2026-03-09T21:46:16","slug":"dorpen-zijn-het-hart-van-eemsdelta-daar-moeten-we-zuinig-op-zijn","status":"publish","type":"news","link":"https:\/\/www.vvd.nl\/lokaal-netwerk-eemsdelta\/nieuws\/dorpen-zijn-het-hart-van-eemsdelta-daar-moeten-we-zuinig-op-zijn\/","title":{"rendered":"Dorpen zijn het hart van Eemsdelta. Daar moeten we zuinig op zijn"},"content":{"rendered":"\n<div class=\"block content\">\n\t<div class=\"container\">\n\t\t<p>Nicole Eijbergen woont in Zeerijp en zet zich binnen de VVD Eemsdelta in voor leefbaarheid in dorpen, zorg en sociale samenhang. Vanuit de praktijk ziet zij hoe belangrijk nabijheid, ontmoeting en duidelijke regie zijn in kleine kernen. Volgens Nicole moet de gemeente dorpen sterker ondersteunen en zorg en welzijn beter op elkaar laten aansluiten.<\/p>\n<blockquote>\n<p>Niet alles hoeft groot en ingewikkeld. Het gaat om wat werkt, dichtbij mensen<\/p>\n<\/blockquote>\n<p>Wie door Eemsdelta rijdt, ziet meteen dat de gemeente uit veel meer bestaat dan alleen de grotere kernen. Een groot deel van de leefbaarheid wordt bepaald in dorpen, waar voorzieningen, ontmoeting en onderlinge betrokkenheid direct met elkaar samenhangen. \u201cIn de dorpen zit veel kracht. Dat moet je serieus nemen en ondersteunen, niet ingewikkelder maken.\u201d<\/p>\n<p>Volgens Nicole gaat het daarbij niet om nostalgie, maar om toekomstbestendige leefbaarheid. Gebouwen die hun oorspronkelijke functie verliezen zoals kerken of andere panden hoeven volgens haar niet automatisch leeg te raken. Met initiatief, samenwerking en een beetje steun van de gemeente kunnen zulke plekken nieuwe ontmoetingsplekken worden. Ze noemt voorbeelden waarin wonen, dagbesteding, kleine voorzieningen en ontmoeting worden gecombineerd. \u201cAls je het slim aanpakt, verlaag je de drempel. Dan doe je gewoon mee.\u201d<\/p>\n<p><strong>Regie in zorg en welzijn<br \/>\n<\/strong>In haar verhaal komt steeds \u00e9\u00e9n thema terug: regie. Nicole ziet in de praktijk dat gezinnen soms met meerdere hulpverleners te maken krijgen, zonder duidelijke afstemming. \u201cDan werkt iedereen vanuit zijn eigen stukje, maar mist het overzicht. Dat maakt het onnodig zwaar.\u201d Volgens haar moet de gemeente in het sociaal domein zorgen voor meer samenhang: \u00e9\u00e9n duidelijke lijn, \u00e9\u00e9n aanspreekpunt waar mogelijk en heldere co\u00f6rdinatie. Daarnaast pleit ze voor meer aandacht voor preventie. \u201cAls je pas ingrijpt wanneer het escaleert, ben je te laat.\u201d Voor Nicole hoort daarbij ook duidelijke taal. \u201cVeel mensen haken af als het te ingewikkeld wordt. Zeg gewoon wat je bedoelt en doe wat je belooft.\u201d<\/p>\n<blockquote>\n<p>Het gaat mis als iedereen een stukje doet, maar niemand het overzicht houdt<\/p>\n<\/blockquote>\n\t<\/div>\n<\/div>\n","protected":false},"featured_media":339,"template":"","subject":[],"news_tag":[],"nationwide_theme":[],"local_theme":[],"location":[],"class_list":["post-338","news","type-news","status-publish","has-post-thumbnail","hentry"],"acf":[],"publishpress_future_workflow_manual_trigger":{"enabledWorkflows":[]},"_links":{"self":[{"href":"https:\/\/www.vvd.nl\/lokaal-netwerk-eemsdelta\/wp-json\/wp\/v2\/news\/338","targetHints":{"allow":["GET"]}}],"collection":[{"href":"https:\/\/www.vvd.nl\/lokaal-netwerk-eemsdelta\/wp-json\/wp\/v2\/news"}],"about":[{"href":"https:\/\/www.vvd.nl\/lokaal-netwerk-eemsdelta\/wp-json\/wp\/v2\/types\/news"}],"wp:featuredmedia":[{"embeddable":true,"href":"https:\/\/www.vvd.nl\/lokaal-netwerk-eemsdelta\/wp-json\/wp\/v2\/media\/339"}],"wp:attachment":[{"href":"https:\/\/www.vvd.nl\/lokaal-netwerk-eemsdelta\/wp-json\/wp\/v2\/media?parent=338"}],"wp:term":[{"taxonomy":"subject","embeddable":true,"href":"https:\/\/www.vvd.nl\/lokaal-netwerk-eemsdelta\/wp-json\/wp\/v2\/subject?post=338"},{"taxonomy":"news_tag","embeddable":true,"href":"https:\/\/www.vvd.nl\/lokaal-netwerk-eemsdelta\/wp-json\/wp\/v2\/news_tag?post=338"},{"taxonomy":"nationwide_theme","embeddable":true,"href":"https:\/\/www.vvd.nl\/lokaal-netwerk-eemsdelta\/wp-json\/wp\/v2\/nationwide_theme?post=338"},{"taxonomy":"local_theme","embeddable":true,"href":"https:\/\/www.vvd.nl\/lokaal-netwerk-eemsdelta\/wp-json\/wp\/v2\/local_theme?post=338"},{"taxonomy":"location","embeddable":true,"href":"https:\/\/www.vvd.nl\/lokaal-netwerk-eemsdelta\/wp-json\/wp\/v2\/location?post=338"}],"curies":[{"name":"wp","href":"https:\/\/api.w.org\/{rel}","templated":true}]}}