{"id":245,"date":"2026-04-02T10:58:49","date_gmt":"2026-04-02T08:58:49","guid":{"rendered":"https:\/\/www.vvd.nl\/gemeente-sudwest-fryslan\/?post_type=news&#038;p=245"},"modified":"2026-04-02T10:58:49","modified_gmt":"2026-04-02T08:58:49","slug":"benoeming-raadsleden","status":"publish","type":"news","link":"https:\/\/www.vvd.nl\/gemeente-sudwest-fryslan\/nieuws\/benoeming-raadsleden\/","title":{"rendered":"Benoeming raadsleden"},"content":{"rendered":"\n<div class=\"block content\">\n\t<div class=\"container\">\n\t\t<p data-start=\"0\" data-end=\"352\">Op maandag 30 maart namen wij afscheid van de oude gemeenteraad. Tijdens deze vergadering werden mooie woorden gesproken en was er veel waardering voor de inzet van Simon de Witte. Ook hijzelf richtte zich nog eenmaal tot de raad met een betrokken en inspirerende speech, waarin hij de nieuwe raad waardevolle adviezen meegaf voor de komende periode.<\/p>\n<p data-start=\"354\" data-end=\"629\">Wij danken Simon hartelijk voor zijn jarenlange inzet voor de VVD en voor S\u00fadwest-Frysl\u00e2n. Zijn betrokkenheid en ervaring zijn van grote waarde geweest, en we hopen in de toekomst nog vaak een beroep op hem te mogen doen, zeker als wij deel gaan uitmaken van een coalitie.<\/p>\n<p data-start=\"631\" data-end=\"913\" data-is-last-node=\"\" data-is-only-node=\"\">Op woensdag 1 april vond de be\u00ebdiging van de nieuwe gemeenteraad plaats. Voor de VVD S\u00fadwest-Frysl\u00e2n zijn Debbie Kruit, Lianne van der Wal en Richard Dijk benoemd als raadslid. Samen vormen zij de nieuwe fractie en zetten zij zich de komende jaren vol energie in voor onze gemeente.<\/p>\n\t<\/div>\n<\/div>\n\n\n\n<div class=\"block video\">\n\t<div class=\"container\">\n\t\t<div class=\"video__wrapper aspect-16-9 align-left\">\n\t\t\t<div style=\"width: 640px;\" class=\"wp-video\"><video class=\"wp-video-shortcode\" id=\"video-245-1\" width=\"640\" height=\"360\" preload=\"metadata\" controls=\"controls\"><source type=\"video\/mp4\" src=\"https:\/\/www.vvd.nl\/wp-content\/uploads\/sites\/250\/2026\/04\/WhatsApp-Video-2026-04-01-at-21.38.53.mp4?_=1\" \/><a href=\"https:\/\/www.vvd.nl\/wp-content\/uploads\/sites\/250\/2026\/04\/WhatsApp-Video-2026-04-01-at-21.38.53.mp4\">https:\/\/www.vvd.nl\/wp-content\/uploads\/sites\/250\/2026\/04\/WhatsApp-Video-2026-04-01-at-21.38.53.mp4<\/a><\/video><\/div>\n\t\t<\/div>\n\t<\/div>\n<\/div>\n","protected":false},"featured_media":247,"template":"","subject":[],"news_tag":[],"nationwide_theme":[],"local_theme":[],"location":[],"class_list":["post-245","news","type-news","status-publish","has-post-thumbnail","hentry"],"acf":[],"publishpress_future_workflow_manual_trigger":{"enabledWorkflows":[]},"_links":{"self":[{"href":"https:\/\/www.vvd.nl\/gemeente-sudwest-fryslan\/wp-json\/wp\/v2\/news\/245","targetHints":{"allow":["GET"]}}],"collection":[{"href":"https:\/\/www.vvd.nl\/gemeente-sudwest-fryslan\/wp-json\/wp\/v2\/news"}],"about":[{"href":"https:\/\/www.vvd.nl\/gemeente-sudwest-fryslan\/wp-json\/wp\/v2\/types\/news"}],"wp:featuredmedia":[{"embeddable":true,"href":"https:\/\/www.vvd.nl\/gemeente-sudwest-fryslan\/wp-json\/wp\/v2\/media\/247"}],"wp:attachment":[{"href":"https:\/\/www.vvd.nl\/gemeente-sudwest-fryslan\/wp-json\/wp\/v2\/media?parent=245"}],"wp:term":[{"taxonomy":"subject","embeddable":true,"href":"https:\/\/www.vvd.nl\/gemeente-sudwest-fryslan\/wp-json\/wp\/v2\/subject?post=245"},{"taxonomy":"news_tag","embeddable":true,"href":"https:\/\/www.vvd.nl\/gemeente-sudwest-fryslan\/wp-json\/wp\/v2\/news_tag?post=245"},{"taxonomy":"nationwide_theme","embeddable":true,"href":"https:\/\/www.vvd.nl\/gemeente-sudwest-fryslan\/wp-json\/wp\/v2\/nationwide_theme?post=245"},{"taxonomy":"local_theme","embeddable":true,"href":"https:\/\/www.vvd.nl\/gemeente-sudwest-fryslan\/wp-json\/wp\/v2\/local_theme?post=245"},{"taxonomy":"location","embeddable":true,"href":"https:\/\/www.vvd.nl\/gemeente-sudwest-fryslan\/wp-json\/wp\/v2\/location?post=245"}],"curies":[{"name":"wp","href":"https:\/\/api.w.org\/{rel}","templated":true}]}}