{"id":215,"date":"2026-01-30T20:55:10","date_gmt":"2026-01-30T19:55:10","guid":{"rendered":"https:\/\/www.vvd.nl\/gemeente-mook-en-middelaar\/?post_type=news&#038;p=215"},"modified":"2026-02-28T20:56:22","modified_gmt":"2026-02-28T19:56:22","slug":"achter-de-vuilniswagen-kijken-%f0%9f%9a%9b%e2%99%bb","status":"publish","type":"news","link":"https:\/\/www.vvd.nl\/gemeente-mook-en-middelaar\/nieuws\/achter-de-vuilniswagen-kijken-%f0%9f%9a%9b%e2%99%bb\/","title":{"rendered":"Achter de vuilniswagen kijken\u00a0\ud83d\ude9b\u267b"},"content":{"rendered":"\n<div class=\"block content\">\n\t<div class=\"container\">\n\t\t<p><strong>Afvalinzameling. We zien het elke week gebeuren, vaak zonder erbij stil te staan. De container aan de straat, de wagen die langskomt, klaar. Maar achter dat ogenschijnlijk simpele moment zit een hele organisatie. Daarom gingen de VVD fracties van Gennep en Mook &amp; Middelaar vandaag samen op werkbezoek bij Dar NV in Nijmegen.<\/strong><\/p>\n<p>Een leuk \u00e9n nuttig bezoek, want voor beide gemeenten speelt Dar op dit moment een belangrijke rol \u2013 ieder vanuit een ander vertrekpunt.<\/p>\n<p>Voor Gennep is het extra actueel. Aanstaande maandag ligt in de gemeenteraad het voorstel voor om toe te treden tot Dar als aandeelhouder en klant. Daarmee kiest Gennep voor een publieke organisatie die afvalinzameling professioneel, betrouwbaar en toekomstgericht uitvoert, met blijvende invloed voor de gemeente zelf. Een keuze die verder gaat dan alleen de vuilniswagen: het gaat over grip, kwaliteit en continu\u00efteit. Een keuze voor de toekomst!<\/p>\n<p>Voor Mook &amp; Middelaar is Dar al een bekende partner. De gemeente is sinds 2021 aangesloten, maar een deel van de inzameling wordt nu nog uitgevoerd door Van Kaathoven als onderaannemer. Op aandringen van de VVD-wethouder wordt dit per 1 januari 2027 volledig overgenomen door Dar. Dat betekent: \u00e9\u00e9n organisatie voor inzameling \u00e9n milieustraat, korte lijnen en duidelijke verantwoordelijkheid richting inwoners. Een spannend overgangsjaar in 2026 dus voor de gemeente en Dar zodat alles gereed is v\u00f3\u00f3r 2027.<\/p>\n<p>Tijdens het bezoek kregen we een kijkje achter de schermen: hoe wordt de inzameling georganiseerd, hoe sturen gemeenten mee en hoe wordt gewerkt aan een schonere en effici\u00ebntere afvalketen. Precies het soort gesprekken dat helpt om als raad goede keuzes te maken.<\/p>\n<p>Mooi om dit samen te doen. Want of je nu in Gennep woont of in Mook &amp; Middelaar: goed geregelde afvalinzameling merk je niet in plannen of schema\u2019s, maar gewoon\u2026 elke week aan de straat.\u00a0<span aria-hidden=\"true\">\ud83d\udc4d<\/span><\/p>\n\t<\/div>\n<\/div>\n","protected":false},"featured_media":216,"template":"","subject":[],"news_tag":[],"nationwide_theme":[],"local_theme":[],"location":[],"class_list":["post-215","news","type-news","status-publish","has-post-thumbnail","hentry"],"acf":[],"publishpress_future_workflow_manual_trigger":{"enabledWorkflows":[]},"_links":{"self":[{"href":"https:\/\/www.vvd.nl\/gemeente-mook-en-middelaar\/wp-json\/wp\/v2\/news\/215","targetHints":{"allow":["GET"]}}],"collection":[{"href":"https:\/\/www.vvd.nl\/gemeente-mook-en-middelaar\/wp-json\/wp\/v2\/news"}],"about":[{"href":"https:\/\/www.vvd.nl\/gemeente-mook-en-middelaar\/wp-json\/wp\/v2\/types\/news"}],"wp:featuredmedia":[{"embeddable":true,"href":"https:\/\/www.vvd.nl\/gemeente-mook-en-middelaar\/wp-json\/wp\/v2\/media\/216"}],"wp:attachment":[{"href":"https:\/\/www.vvd.nl\/gemeente-mook-en-middelaar\/wp-json\/wp\/v2\/media?parent=215"}],"wp:term":[{"taxonomy":"subject","embeddable":true,"href":"https:\/\/www.vvd.nl\/gemeente-mook-en-middelaar\/wp-json\/wp\/v2\/subject?post=215"},{"taxonomy":"news_tag","embeddable":true,"href":"https:\/\/www.vvd.nl\/gemeente-mook-en-middelaar\/wp-json\/wp\/v2\/news_tag?post=215"},{"taxonomy":"nationwide_theme","embeddable":true,"href":"https:\/\/www.vvd.nl\/gemeente-mook-en-middelaar\/wp-json\/wp\/v2\/nationwide_theme?post=215"},{"taxonomy":"local_theme","embeddable":true,"href":"https:\/\/www.vvd.nl\/gemeente-mook-en-middelaar\/wp-json\/wp\/v2\/local_theme?post=215"},{"taxonomy":"location","embeddable":true,"href":"https:\/\/www.vvd.nl\/gemeente-mook-en-middelaar\/wp-json\/wp\/v2\/location?post=215"}],"curies":[{"name":"wp","href":"https:\/\/api.w.org\/{rel}","templated":true}]}}