{"id":191,"date":"2025-01-27T22:09:00","date_gmt":"2025-01-27T21:09:00","guid":{"rendered":"https:\/\/www.vvd.nl\/gemeente-krimpen-aan-den-ijssel\/?post_type=news&#038;p=191"},"modified":"2026-01-13T22:10:14","modified_gmt":"2026-01-13T21:10:14","slug":"politiek-cafe-met-als-gastspreker-tim-versnel-wethouder-rotterdam","status":"publish","type":"news","link":"https:\/\/www.vvd.nl\/gemeente-krimpen-aan-den-ijssel\/nieuws\/politiek-cafe-met-als-gastspreker-tim-versnel-wethouder-rotterdam\/","title":{"rendered":"Politiek caf\u00e9 met als gastspreker Tim Versnel, wethouder Rotterdam"},"content":{"rendered":"\n<div class=\"block content\">\n\t<div class=\"container\">\n\t\t<div class=\"article__intro\">\n<p>Op maandag 03 februari 2025 organiseert het lokaal VVD netwerk &#8216;De Krimpenerwaard&#8217; een politiek caf\u00e9 in Hotel Restaurant Belv\u00e9d\u00e8re aan de Lekdijk-West 4 te Schoonhoven. Laat je inspireren door &#8216;onze&#8217; wethouder Tim versnel, die actuele regionale thema\u2019s, uitdagingen en kansen bespreekt. Inloop om 19:30<\/p>\n<div class=\"media\">Of je nu idee\u00ebn wil delen, kritische vragen wil stellen of gewoon wil komen luisteren. Dit is jouw kans op goed gezelschap, ijskoud bier en natuurlijk\u2026 Bitterballen! Samen maken we er een inspirerende avond van.<\/div>\n<\/div>\n<div class=\"article__content\">\n<p>Mis het niet &#8211;\u00a0 Jouw stem doet ertoe!<\/p>\n<p>De avond wordt volledig verzorgd door Karin Timm en Jasper Molendijk.<\/p>\n<p>Kom jij ook?<\/p>\n<p>Stuur een bericht naar Jasper:\u00a0 06 54 63 79 35.<\/p>\n<p>Heb je vervoer nodig? Wij halen je graag op en brengen je na afloop weer naar huis.<\/p>\n<\/div>\n\t<\/div>\n<\/div>\n","protected":false},"featured_media":192,"template":"","subject":[],"news_tag":[],"nationwide_theme":[],"local_theme":[],"location":[],"class_list":["post-191","news","type-news","status-publish","has-post-thumbnail","hentry"],"acf":[],"publishpress_future_workflow_manual_trigger":{"enabledWorkflows":[]},"_links":{"self":[{"href":"https:\/\/www.vvd.nl\/gemeente-krimpen-aan-den-ijssel\/wp-json\/wp\/v2\/news\/191","targetHints":{"allow":["GET"]}}],"collection":[{"href":"https:\/\/www.vvd.nl\/gemeente-krimpen-aan-den-ijssel\/wp-json\/wp\/v2\/news"}],"about":[{"href":"https:\/\/www.vvd.nl\/gemeente-krimpen-aan-den-ijssel\/wp-json\/wp\/v2\/types\/news"}],"wp:featuredmedia":[{"embeddable":true,"href":"https:\/\/www.vvd.nl\/gemeente-krimpen-aan-den-ijssel\/wp-json\/wp\/v2\/media\/192"}],"wp:attachment":[{"href":"https:\/\/www.vvd.nl\/gemeente-krimpen-aan-den-ijssel\/wp-json\/wp\/v2\/media?parent=191"}],"wp:term":[{"taxonomy":"subject","embeddable":true,"href":"https:\/\/www.vvd.nl\/gemeente-krimpen-aan-den-ijssel\/wp-json\/wp\/v2\/subject?post=191"},{"taxonomy":"news_tag","embeddable":true,"href":"https:\/\/www.vvd.nl\/gemeente-krimpen-aan-den-ijssel\/wp-json\/wp\/v2\/news_tag?post=191"},{"taxonomy":"nationwide_theme","embeddable":true,"href":"https:\/\/www.vvd.nl\/gemeente-krimpen-aan-den-ijssel\/wp-json\/wp\/v2\/nationwide_theme?post=191"},{"taxonomy":"local_theme","embeddable":true,"href":"https:\/\/www.vvd.nl\/gemeente-krimpen-aan-den-ijssel\/wp-json\/wp\/v2\/local_theme?post=191"},{"taxonomy":"location","embeddable":true,"href":"https:\/\/www.vvd.nl\/gemeente-krimpen-aan-den-ijssel\/wp-json\/wp\/v2\/location?post=191"}],"curies":[{"name":"wp","href":"https:\/\/api.w.org\/{rel}","templated":true}]}}