{"id":223,"date":"2026-03-11T14:29:48","date_gmt":"2026-03-11T13:29:48","guid":{"rendered":"https:\/\/www.vvd.nl\/gemeente-hulst\/?post_type=news&#038;p=223"},"modified":"2026-03-11T14:49:53","modified_gmt":"2026-03-11T13:49:53","slug":"parkeren-onderzoek-alles","status":"publish","type":"news","link":"https:\/\/www.vvd.nl\/gemeente-hulst\/nieuws\/parkeren-onderzoek-alles\/","title":{"rendered":"Parkeren? Onderzoek alles!"},"content":{"rendered":"\n<div class=\"block content\">\n\t<div class=\"container\">\n\t\t<p>De gemeenteraad van Hulst is breed van mening dat de Markt opnieuw moet worden ingericht. Daarbij staat \u00e9\u00e9n doel centraal: meer ruimte en kwaliteit cre\u00ebren, zonder afbreuk te doen aan het historische karakter van het centrum.<\/p>\n<p>De VVD Hulst stelt dat dit h\u00e9t moment is om te bepalen of een kleinschalige parkeergarage een realistische oplossing kan zijn om te komen tot een volledig autovrije Markt. Het thema \u2018auto\u2019s in de binnenstad\u2019 is al jaren onderwerp van discussie.<\/p>\n<p>Volgens de VVD is er nu een kans om een structurele keuze te maken waar toekomstige generaties profijt van hebben. \u201cAls we de Markt opnieuw vormgeven op de manier die we allemaal willen, dan moeten we ook durven kijken naar een compacte parkeergarage als alternatief voor parkeren op ons mooiste plein,\u201d aldus de fractie.<\/p>\n<p>De komende jaren staan er meerdere bouwprojecten in de binnenstad op de planning. Deze ontwikkelingen zullen onvermijdelijk zorgen voor extra parkeerdruk. In het verleden werden parkeerplaatsen wel eens afgekocht en ging dit bedrag in een parkeerfonds. Je zou dit geld ook kunnen inzetten om een openbare parkeergarage te financieren.<\/p>\n<p>Het is nu het moment om een wijs, toekomstgericht besluit te nemen. Een kleinschalige parkeergarage kan bijdragen aan:<\/p>\n<ul>\n<li>Een autovrije Markt met alleen ruimte voor enkele gehandicaptenparkeerplaatsen.<\/li>\n<li>Een aantrekkelijker centrum voor bewoners, ondernemers en bezoekers;<\/li>\n<li>Een evenwichtige parkeerbalans, ondanks toekomstige bouwprojecten.<\/li>\n<\/ul>\n<p>Het is nu het moment om te onderzoeken of een ondergrondse parkeergarage hier een bijdrage aan gaat leveren.<\/p>\n\t<\/div>\n<\/div>\n","protected":false},"featured_media":225,"template":"","subject":[],"news_tag":[],"nationwide_theme":[],"local_theme":[],"location":[],"class_list":["post-223","news","type-news","status-publish","has-post-thumbnail","hentry"],"acf":[],"publishpress_future_workflow_manual_trigger":{"enabledWorkflows":[]},"_links":{"self":[{"href":"https:\/\/www.vvd.nl\/gemeente-hulst\/wp-json\/wp\/v2\/news\/223","targetHints":{"allow":["GET"]}}],"collection":[{"href":"https:\/\/www.vvd.nl\/gemeente-hulst\/wp-json\/wp\/v2\/news"}],"about":[{"href":"https:\/\/www.vvd.nl\/gemeente-hulst\/wp-json\/wp\/v2\/types\/news"}],"wp:featuredmedia":[{"embeddable":true,"href":"https:\/\/www.vvd.nl\/gemeente-hulst\/wp-json\/wp\/v2\/media\/225"}],"wp:attachment":[{"href":"https:\/\/www.vvd.nl\/gemeente-hulst\/wp-json\/wp\/v2\/media?parent=223"}],"wp:term":[{"taxonomy":"subject","embeddable":true,"href":"https:\/\/www.vvd.nl\/gemeente-hulst\/wp-json\/wp\/v2\/subject?post=223"},{"taxonomy":"news_tag","embeddable":true,"href":"https:\/\/www.vvd.nl\/gemeente-hulst\/wp-json\/wp\/v2\/news_tag?post=223"},{"taxonomy":"nationwide_theme","embeddable":true,"href":"https:\/\/www.vvd.nl\/gemeente-hulst\/wp-json\/wp\/v2\/nationwide_theme?post=223"},{"taxonomy":"local_theme","embeddable":true,"href":"https:\/\/www.vvd.nl\/gemeente-hulst\/wp-json\/wp\/v2\/local_theme?post=223"},{"taxonomy":"location","embeddable":true,"href":"https:\/\/www.vvd.nl\/gemeente-hulst\/wp-json\/wp\/v2\/location?post=223"}],"curies":[{"name":"wp","href":"https:\/\/api.w.org\/{rel}","templated":true}]}}