{"id":345,"date":"2026-01-01T20:09:46","date_gmt":"2026-01-01T19:09:46","guid":{"rendered":"https:\/\/www.vvd.nl\/gemeente-hendrik-ido-ambacht\/?post_type=news&#038;p=345"},"modified":"2026-02-02T22:16:21","modified_gmt":"2026-02-02T21:16:21","slug":"de-ambachtse-vvd-is-klaar-voor-de-gemeenteraadsverkiezingen","status":"publish","type":"news","link":"https:\/\/www.vvd.nl\/gemeente-hendrik-ido-ambacht\/nieuws\/de-ambachtse-vvd-is-klaar-voor-de-gemeenteraadsverkiezingen\/","title":{"rendered":"De Ambachtse VVD is klaar voor de gemeenteraadsverkiezingen!"},"content":{"rendered":"\n<div class=\"block content\">\n\t<div class=\"container\">\n\t\t<p>Wij hopen dat u fijne feestdagen en een goede en veilige jaarwisseling heeft gehad. Alle goeds voor 2026!<\/p>\n<p>2026 wordt het jaar van de gemeenteraadsverkiezingen. De Ambachtse VVD gaat de verkiezingen in met bekende en nieuwe gezichten.<\/p>\n<p>De komende weken stellen wij \u00e9\u00e9n voor \u00e9\u00e9n onze kandidaten aan u voor via onze <a href=\"https:\/\/www.facebook.com\/vvd.hia\" target=\"_blank\" rel=\"noopener\">facebookpagina<\/a> en deze site. Daarna volgen ook berichten over onze standpunten en waar wij voor willen gaan. Houd onze <a href=\"https:\/\/www.facebook.com\/vvd.hia\" target=\"_blank\" rel=\"noopener\">facebookpagina<\/a> en website in de gaten voor meer informatie.<\/p>\n<p>Vragen of suggesties? <a href=\"mailto:vvdhia@gmail.com\">Neem vooral contact met ons op<\/a>!<\/p>\n\t<\/div>\n<\/div>\n","protected":false},"featured_media":347,"template":"","subject":[],"news_tag":[],"nationwide_theme":[],"local_theme":[],"location":[],"class_list":["post-345","news","type-news","status-publish","has-post-thumbnail","hentry"],"acf":[],"publishpress_future_workflow_manual_trigger":{"enabledWorkflows":[]},"_links":{"self":[{"href":"https:\/\/www.vvd.nl\/gemeente-hendrik-ido-ambacht\/wp-json\/wp\/v2\/news\/345","targetHints":{"allow":["GET"]}}],"collection":[{"href":"https:\/\/www.vvd.nl\/gemeente-hendrik-ido-ambacht\/wp-json\/wp\/v2\/news"}],"about":[{"href":"https:\/\/www.vvd.nl\/gemeente-hendrik-ido-ambacht\/wp-json\/wp\/v2\/types\/news"}],"wp:featuredmedia":[{"embeddable":true,"href":"https:\/\/www.vvd.nl\/gemeente-hendrik-ido-ambacht\/wp-json\/wp\/v2\/media\/347"}],"wp:attachment":[{"href":"https:\/\/www.vvd.nl\/gemeente-hendrik-ido-ambacht\/wp-json\/wp\/v2\/media?parent=345"}],"wp:term":[{"taxonomy":"subject","embeddable":true,"href":"https:\/\/www.vvd.nl\/gemeente-hendrik-ido-ambacht\/wp-json\/wp\/v2\/subject?post=345"},{"taxonomy":"news_tag","embeddable":true,"href":"https:\/\/www.vvd.nl\/gemeente-hendrik-ido-ambacht\/wp-json\/wp\/v2\/news_tag?post=345"},{"taxonomy":"nationwide_theme","embeddable":true,"href":"https:\/\/www.vvd.nl\/gemeente-hendrik-ido-ambacht\/wp-json\/wp\/v2\/nationwide_theme?post=345"},{"taxonomy":"local_theme","embeddable":true,"href":"https:\/\/www.vvd.nl\/gemeente-hendrik-ido-ambacht\/wp-json\/wp\/v2\/local_theme?post=345"},{"taxonomy":"location","embeddable":true,"href":"https:\/\/www.vvd.nl\/gemeente-hendrik-ido-ambacht\/wp-json\/wp\/v2\/location?post=345"}],"curies":[{"name":"wp","href":"https:\/\/api.w.org\/{rel}","templated":true}]}}