{"id":291,"date":"2023-11-09T19:24:00","date_gmt":"2023-11-09T18:24:00","guid":{"rendered":"https:\/\/www.vvd.nl\/gemeente-hendrik-ido-ambacht\/?post_type=news&#038;p=291"},"modified":"2026-02-02T22:19:57","modified_gmt":"2026-02-02T21:19:57","slug":"politiek-samen-met-de-jeugd-overdekte-plek-en-watertappunt","status":"publish","type":"news","link":"https:\/\/www.vvd.nl\/gemeente-hendrik-ido-ambacht\/nieuws\/politiek-samen-met-de-jeugd-overdekte-plek-en-watertappunt\/","title":{"rendered":"Politiek samen met de jeugd: overdekte plek en watertappunt"},"content":{"rendered":"\n<div class=\"block content\">\n\t<div class=\"container\">\n\t\t<p>Op 9 november diende de Ambachtse VVD samen met Gemeente Belangen, D66, PvdA en Realistisch Ambacht een motie in over voorzieningen voor de jeugd. De motie roept het college op onderzoek te doen naar een overdekte plek en een watertappunt in (de nabijheid van) het Baxpark.<\/p>\n<p><u>Overdekte plek<\/u><\/p>\n<p>Na gesprekken met de jongeren en straatcoaches bleek dat jongeren behoefte hebben aan een (nieuwe) overdekte plek in het park. <a href=\"https:\/\/www.vvd.nl\/gemeente-hendrik-ido-ambacht\/profielen\/kim-verlijsdonk\/\">Kim Verlijsdonk<\/a>, VVD-raadslid geeft aan: \u201cWe nemen de wensen en idee\u00ebn van de jongeren serieus en begrijpen de behoefte. Door hen een overdekte plek te geven weten ze waar ze terechtkunnen en hoeven zij niet rond te hangen op plaatsen waar dat als overlast kan worden ervaren.\u201d<\/p>\n<p><u>Watertappunt<\/u><\/p>\n<p>Naast een overdekte plek is er ook behoefte aan een watertappunt. \u201cDat watertappunt is een mooie voorziening voor alle Ambachters die gebruik maken van het Baxpark\u201d zegt Kim. Er is eerder gedacht aan een waterpunt bij het skatepark, maar destijds was er door de lengte van de waterleiding twijfel over de waterkwaliteit. Kim: &#8220;Die kwaliteit moet natuurlijk goed zijn. We kijken positief naar de mogelijkheden die er zijn. Zo nodig kijken we iets ruimer dan het Baxpark om toch zo&#8217;n voorziening te kunnen bieden.<\/p>\n<p><u>Vervolg<\/u><\/p>\n<p>De motie kon rekenen op een meerderheid. Kim: \u201cIk ben blij met de brede steun in de raad. Zodra de mogelijkheden duidelijk zijn willen we samen met de jongeren en straatcoaches bepalen welke optie het beste resultaat oplevert. Zo maken we m\u00e9t de jeugd Ambacht mooier v\u00f3\u00f3r de jeugd.\u201d<\/p>\n\t<\/div>\n<\/div>\n","protected":false},"featured_media":204,"template":"","subject":[],"news_tag":[],"nationwide_theme":[],"local_theme":[],"location":[],"class_list":["post-291","news","type-news","status-publish","has-post-thumbnail","hentry"],"acf":[],"publishpress_future_workflow_manual_trigger":{"enabledWorkflows":[]},"_links":{"self":[{"href":"https:\/\/www.vvd.nl\/gemeente-hendrik-ido-ambacht\/wp-json\/wp\/v2\/news\/291","targetHints":{"allow":["GET"]}}],"collection":[{"href":"https:\/\/www.vvd.nl\/gemeente-hendrik-ido-ambacht\/wp-json\/wp\/v2\/news"}],"about":[{"href":"https:\/\/www.vvd.nl\/gemeente-hendrik-ido-ambacht\/wp-json\/wp\/v2\/types\/news"}],"wp:featuredmedia":[{"embeddable":true,"href":"https:\/\/www.vvd.nl\/gemeente-hendrik-ido-ambacht\/wp-json\/wp\/v2\/media\/204"}],"wp:attachment":[{"href":"https:\/\/www.vvd.nl\/gemeente-hendrik-ido-ambacht\/wp-json\/wp\/v2\/media?parent=291"}],"wp:term":[{"taxonomy":"subject","embeddable":true,"href":"https:\/\/www.vvd.nl\/gemeente-hendrik-ido-ambacht\/wp-json\/wp\/v2\/subject?post=291"},{"taxonomy":"news_tag","embeddable":true,"href":"https:\/\/www.vvd.nl\/gemeente-hendrik-ido-ambacht\/wp-json\/wp\/v2\/news_tag?post=291"},{"taxonomy":"nationwide_theme","embeddable":true,"href":"https:\/\/www.vvd.nl\/gemeente-hendrik-ido-ambacht\/wp-json\/wp\/v2\/nationwide_theme?post=291"},{"taxonomy":"local_theme","embeddable":true,"href":"https:\/\/www.vvd.nl\/gemeente-hendrik-ido-ambacht\/wp-json\/wp\/v2\/local_theme?post=291"},{"taxonomy":"location","embeddable":true,"href":"https:\/\/www.vvd.nl\/gemeente-hendrik-ido-ambacht\/wp-json\/wp\/v2\/location?post=291"}],"curies":[{"name":"wp","href":"https:\/\/api.w.org\/{rel}","templated":true}]}}