{"id":287,"date":"2023-10-23T19:21:00","date_gmt":"2023-10-23T17:21:00","guid":{"rendered":"https:\/\/www.vvd.nl\/gemeente-hendrik-ido-ambacht\/?post_type=news&#038;p=287"},"modified":"2026-02-02T22:20:08","modified_gmt":"2026-02-02T21:20:08","slug":"wie-organiseert-de-ambachtse-kerstmarkt","status":"publish","type":"news","link":"https:\/\/www.vvd.nl\/gemeente-hendrik-ido-ambacht\/nieuws\/wie-organiseert-de-ambachtse-kerstmarkt\/","title":{"rendered":"Wie organiseert de Ambachtse Kerstmarkt?"},"content":{"rendered":"\n<div class=\"block content\">\n\t<div class=\"container\">\n\t\t<p>Een Kerstmarkt in Ambacht. Dat was de uitkomst van een debat over het voorstel van D66-er Marijke Gommans om winkeliers voor dit jaar toestemming te verlenen om de deuren te openen op zondagen 24 en 31 december. Hoewel dat niet past binnen het coalitieakkoord, stelde VVD-er Daan van den Wollenberg een Ambachtse Kerstmarkt voor, omdat die ruimte er tegenwoordig wel is op zondag. Nu rest de vraag: wie gaat de Kerstmarkt organiseren?<\/p>\n<p><u>V\u00f3\u00f3r en d\u00f3\u00f3r Ambachters<\/u><\/p>\n<p>&#8220;Een Kerstmarkt kan veel partijen de ruimte bieden om betrokken te raken en een bijdrage te leveren aan een evenement dat voor iedereen wat te bieden heeft,&#8221; zegt <a href=\"https:\/\/hiambacht.vvd.nl\/mensen\/10214\/daan-van-den-wollenberg\" target=\"_blank\" rel=\"noopener\">Daan<\/a>. Het ligt voor de hand dat ondernemers een hapje of drankje aanbieden of wellicht een kraampje inrichten met andere producten. Ook is het denkbaar dat maatschappelijke partijen, zoals het hospice, een extra bijdrage kunnen ophalen. En wellicht willen culturele partners een opvoering, zoals een toneelstuk of muziek verzorgen. &#8220;Het kan echt een evenement v\u00f3\u00f3r en d\u00f3\u00f3r Ambachters worden,&#8221; vat Marijke het samen.<\/p>\n<p><u>Ambachtse saamhorigheid<\/u><\/p>\n<p>Een aanvraag voor een evenement moet goedgekeurd worden door de burgemeester, maar dat zien de fractievoorzitters met vertrouwen tegemoet. &#8220;Een gemoedelijke Kerstmarkt met ruimte voor iedereen past uitstekend bij Ambacht,&#8221; zegt Daan. Marijke vult aan &#8220;de saamhorigheid in ons dorp is heel belangrijk. Een Kerstmarkt onderstreept dat en draagt daar ook aan bij.&#8221; Voordat er iets goed te keuren valt, blijft het echter de vraag of een organisator deze handschoen oppakt. &#8220;Wij hopen dat van harte. Het zou namelijk echt iets toevoegen voor Ambacht en kan jaarlijks terugkeren,&#8221; besluiten de fractievoorzitters.<\/p>\n\t<\/div>\n<\/div>\n","protected":false},"featured_media":288,"template":"","subject":[],"news_tag":[],"nationwide_theme":[],"local_theme":[],"location":[],"class_list":["post-287","news","type-news","status-publish","has-post-thumbnail","hentry"],"acf":[],"publishpress_future_workflow_manual_trigger":{"enabledWorkflows":[]},"_links":{"self":[{"href":"https:\/\/www.vvd.nl\/gemeente-hendrik-ido-ambacht\/wp-json\/wp\/v2\/news\/287","targetHints":{"allow":["GET"]}}],"collection":[{"href":"https:\/\/www.vvd.nl\/gemeente-hendrik-ido-ambacht\/wp-json\/wp\/v2\/news"}],"about":[{"href":"https:\/\/www.vvd.nl\/gemeente-hendrik-ido-ambacht\/wp-json\/wp\/v2\/types\/news"}],"wp:featuredmedia":[{"embeddable":true,"href":"https:\/\/www.vvd.nl\/gemeente-hendrik-ido-ambacht\/wp-json\/wp\/v2\/media\/288"}],"wp:attachment":[{"href":"https:\/\/www.vvd.nl\/gemeente-hendrik-ido-ambacht\/wp-json\/wp\/v2\/media?parent=287"}],"wp:term":[{"taxonomy":"subject","embeddable":true,"href":"https:\/\/www.vvd.nl\/gemeente-hendrik-ido-ambacht\/wp-json\/wp\/v2\/subject?post=287"},{"taxonomy":"news_tag","embeddable":true,"href":"https:\/\/www.vvd.nl\/gemeente-hendrik-ido-ambacht\/wp-json\/wp\/v2\/news_tag?post=287"},{"taxonomy":"nationwide_theme","embeddable":true,"href":"https:\/\/www.vvd.nl\/gemeente-hendrik-ido-ambacht\/wp-json\/wp\/v2\/nationwide_theme?post=287"},{"taxonomy":"local_theme","embeddable":true,"href":"https:\/\/www.vvd.nl\/gemeente-hendrik-ido-ambacht\/wp-json\/wp\/v2\/local_theme?post=287"},{"taxonomy":"location","embeddable":true,"href":"https:\/\/www.vvd.nl\/gemeente-hendrik-ido-ambacht\/wp-json\/wp\/v2\/location?post=287"}],"curies":[{"name":"wp","href":"https:\/\/api.w.org\/{rel}","templated":true}]}}