{"id":271,"date":"2023-03-08T19:02:00","date_gmt":"2023-03-08T18:02:00","guid":{"rendered":"https:\/\/www.vvd.nl\/gemeente-hendrik-ido-ambacht\/?post_type=news&#038;p=271"},"modified":"2026-01-16T19:03:13","modified_gmt":"2026-01-16T18:03:13","slug":"ambachtse-vvd-voor-steun-aan-turkije-en-syrie-maar-niet-van-gemeentegeld","status":"publish","type":"news","link":"https:\/\/www.vvd.nl\/gemeente-hendrik-ido-ambacht\/nieuws\/ambachtse-vvd-voor-steun-aan-turkije-en-syrie-maar-niet-van-gemeentegeld\/","title":{"rendered":"Ambachtse VVD: v\u00f3\u00f3r steun aan Turkije en Syri\u00eb, maar niet van gemeentegeld"},"content":{"rendered":"\n<div class=\"block content\">\n\t<div class=\"container\">\n\t\t<p>Naar aanleiding van de aardbevingen in Turkije en Syri\u00eb, heeft de gemeenteraad op 6 maart beslist om \u20ac32.000,- te doneren aan het VNG Fonds. De VVD is v\u00f3\u00f3r steun aan de getroffen gebieden, maar ziet daarin geen rol ziet voor gemeentes.<\/p>\n<p><u>Nederland levert steun<\/u><\/p>\n<p>\u201cHet is terecht dat de wereld zich inspant om de slachtoffers te helpen. Iedereen hoopt dat zij hun leven zo goed als mogelijk kunnen herpakken,\u201d stelt fractievoorzitter <a href=\"https:\/\/www.vvd.nl\/gemeente-hendrik-ido-ambacht\/profielen\/daan-van-den-wollenberg\/\">Daan van den Wollenberg<\/a>. Bij internationale crisis is de Rijksoverheid aan zet. Zij heeft direct reddingsteams gestuurd en \u20ac10 miljoen aan steun toegezegd. \u201cDe gemeente is er voor lokale zaken als woningbouw, de openbare ruimte en sociale voorzieningen. Internationale hulpverlening is daar geen onderdeel van.\u201d<\/p>\n<p><u>Vertrouwen in samenleving<\/u><\/p>\n<p>Er zijn veel initiatieven vanuit de samenleving om te steunen, zoals het doneren van geld of hulpgoederen. \u201cVia die initiatieven kan iedere Ambachter direct naar wens en vermogen bijdragen aan de steun,\u201d vervolgt Daan. Wat ons betreft hoort een overheid zich niet te bemoeien met wat de samenleving zelfstandig organiseert. Wij hebben vertrouwen in de samenleving. Dat deze initiatieven er zijn, toont dat de gemeente zich daar niet in hoeft te mengen.<\/p>\n<p><u>Eigen afweging<\/u><\/p>\n<p>De keuze van andere gemeentes vindt de Ambachtse VVD niet relevant. \u201cAmbacht moet een eigen afweging maken. Natuurlijk zijn wij v\u00f3\u00f3r steun aan de slachtoffers. Tegelijkertijd moeten we re\u00ebel zijn dat de gemeente een lokale functie heeft. Laat de internationale steun aan de Rijksoverheid en gebruik het lokale gemeenschapsgeld op een zorgvuldige manier lokaal.\u201d<\/p>\n\t<\/div>\n<\/div>\n","protected":false},"featured_media":121,"template":"","subject":[],"news_tag":[],"nationwide_theme":[],"local_theme":[],"location":[],"class_list":["post-271","news","type-news","status-publish","has-post-thumbnail","hentry"],"acf":[],"publishpress_future_workflow_manual_trigger":{"enabledWorkflows":[]},"_links":{"self":[{"href":"https:\/\/www.vvd.nl\/gemeente-hendrik-ido-ambacht\/wp-json\/wp\/v2\/news\/271","targetHints":{"allow":["GET"]}}],"collection":[{"href":"https:\/\/www.vvd.nl\/gemeente-hendrik-ido-ambacht\/wp-json\/wp\/v2\/news"}],"about":[{"href":"https:\/\/www.vvd.nl\/gemeente-hendrik-ido-ambacht\/wp-json\/wp\/v2\/types\/news"}],"wp:featuredmedia":[{"embeddable":true,"href":"https:\/\/www.vvd.nl\/gemeente-hendrik-ido-ambacht\/wp-json\/wp\/v2\/media\/121"}],"wp:attachment":[{"href":"https:\/\/www.vvd.nl\/gemeente-hendrik-ido-ambacht\/wp-json\/wp\/v2\/media?parent=271"}],"wp:term":[{"taxonomy":"subject","embeddable":true,"href":"https:\/\/www.vvd.nl\/gemeente-hendrik-ido-ambacht\/wp-json\/wp\/v2\/subject?post=271"},{"taxonomy":"news_tag","embeddable":true,"href":"https:\/\/www.vvd.nl\/gemeente-hendrik-ido-ambacht\/wp-json\/wp\/v2\/news_tag?post=271"},{"taxonomy":"nationwide_theme","embeddable":true,"href":"https:\/\/www.vvd.nl\/gemeente-hendrik-ido-ambacht\/wp-json\/wp\/v2\/nationwide_theme?post=271"},{"taxonomy":"local_theme","embeddable":true,"href":"https:\/\/www.vvd.nl\/gemeente-hendrik-ido-ambacht\/wp-json\/wp\/v2\/local_theme?post=271"},{"taxonomy":"location","embeddable":true,"href":"https:\/\/www.vvd.nl\/gemeente-hendrik-ido-ambacht\/wp-json\/wp\/v2\/location?post=271"}],"curies":[{"name":"wp","href":"https:\/\/api.w.org\/{rel}","templated":true}]}}