{"id":320,"date":"2026-03-13T19:15:55","date_gmt":"2026-03-13T18:15:55","guid":{"rendered":"https:\/\/www.vvd.nl\/gemeente-heemstede\/?post_type=news&#038;p=320"},"modified":"2026-03-13T19:17:27","modified_gmt":"2026-03-13T18:17:27","slug":"asielopvang-realistisch-kleinschalig-en-met-de-buurt","status":"publish","type":"news","link":"https:\/\/www.vvd.nl\/gemeente-heemstede\/nieuws\/asielopvang-realistisch-kleinschalig-en-met-de-buurt\/","title":{"rendered":"Asielopvang: realistisch, kleinschalig en met de buurt"},"content":{"rendered":"\n<div class=\"block content\">\n\t<div class=\"container\">\n\t\t<div>\n<p class=\"font-claude-response-body\">\n<p class=\"intro\">Asielopvang is een onderwerp waarbij emoties hoog oplopen. De Heemsteedse VVD neemt het serieus \u2014 en staat aan de kant van onze inwoners.<\/p>\n<\/p>\n<\/div>\n<div>\n<p class=\"font-claude-response-body\">Dat begint met een heldere grens: geen asielopvang ten koste van onmisbare voorzieningen. Er komt geen opvang op het Seinterrein, aan de Binnenweg of op het speelveld bij de Constantijn Huygenslaan. Ook elders in ons dorp gaan leefbaarheid en de belangen van Heemstedenaren voor. Wij geloven niet in een morele plicht die boven de belangen van inwoners gaat. Wel in oplossingen die hand in hand gaan met inwoners \u2014 van begin tot eind.<\/p>\n<\/div>\n<div>\n<p class=\"font-claude-response-body\">Met de Spreidingswet van kracht verkennen we realistische opvanglocaties in het Bijzonder (provinciaal) Landschap aan de randen van Heemstede. In het amendement dat D66, CDA en PvdA\/GL indienden, blijven het Seinterrein en de Binnenweg <a href=\"https:\/\/www.vvd.nl\/gemeente-heemstede\/nieuws\/hoe-verder-met-asielopvang\/\">opties<\/a> als het elders niet lukt. Ook willen wij geen experimenten met multifunctionele wooncomplexen waarin vluchtelingen \u00e9n jongeren samenwonen in een permanente opvanglocatie, zoals het CDA bepleit. Wel willen wij opvang waarbij omwonenden \u00e9cht worden betrokken, het COA zijn afspraken nakomt en de raad kan controleren. De gemeente mag geen financi\u00eble risico&#8217;s lopen zoals bij de aankoop van de Dreef, waar de verbouwingskosten fors tegenvielen. We staan open voor samenwerking met buurgemeenten.<\/p>\n<\/div>\n<div>\n<p class=\"font-claude-response-body\">De Heemsteedse VVD luistert naar wat er speelt. Bij de opvanglocatie aan de Heemsteedse Dreef ontvangen wij signalen van omwonenden over overlast en incidenten. Dat nemen wij serieus. Daarom hebben wij het college op 23 februari <a href=\"https:\/\/gemeentebestuur.heemstede.nl\/Documenten\/S26-08-260223-VRAAG-VVD-Voortgang-onderzoek-asiellocaties.pdf\" target=\"_blank\" rel=\"noopener\">schriftelijk bevraagd<\/a> over het nakomen van afspraken over de bezetting, leeftijdsgrens van bewoners en incidentregistratie. De Heemsteedse VVD blijft aanspreekbaar voor inwoners \u2014 ook nadat de deuren open zijn.<\/p>\n<p>&nbsp;<\/p>\n<iframe loading=\"lazy\" width=\"422\" height=\"750\" src=\"https:\/\/www.youtube.com\/embed\/La4xKhpISYk?feature=oembed&#038;disablekb=1\" frameborder=\"0\" allowfullscreen><\/iframe>\n<\/div>\n\t<\/div>\n<\/div>\n","protected":false},"featured_media":321,"template":"","subject":[],"news_tag":[],"nationwide_theme":[],"local_theme":[],"location":[],"class_list":["post-320","news","type-news","status-publish","has-post-thumbnail","hentry"],"acf":[],"publishpress_future_workflow_manual_trigger":{"enabledWorkflows":[]},"_links":{"self":[{"href":"https:\/\/www.vvd.nl\/gemeente-heemstede\/wp-json\/wp\/v2\/news\/320","targetHints":{"allow":["GET"]}}],"collection":[{"href":"https:\/\/www.vvd.nl\/gemeente-heemstede\/wp-json\/wp\/v2\/news"}],"about":[{"href":"https:\/\/www.vvd.nl\/gemeente-heemstede\/wp-json\/wp\/v2\/types\/news"}],"wp:featuredmedia":[{"embeddable":true,"href":"https:\/\/www.vvd.nl\/gemeente-heemstede\/wp-json\/wp\/v2\/media\/321"}],"wp:attachment":[{"href":"https:\/\/www.vvd.nl\/gemeente-heemstede\/wp-json\/wp\/v2\/media?parent=320"}],"wp:term":[{"taxonomy":"subject","embeddable":true,"href":"https:\/\/www.vvd.nl\/gemeente-heemstede\/wp-json\/wp\/v2\/subject?post=320"},{"taxonomy":"news_tag","embeddable":true,"href":"https:\/\/www.vvd.nl\/gemeente-heemstede\/wp-json\/wp\/v2\/news_tag?post=320"},{"taxonomy":"nationwide_theme","embeddable":true,"href":"https:\/\/www.vvd.nl\/gemeente-heemstede\/wp-json\/wp\/v2\/nationwide_theme?post=320"},{"taxonomy":"local_theme","embeddable":true,"href":"https:\/\/www.vvd.nl\/gemeente-heemstede\/wp-json\/wp\/v2\/local_theme?post=320"},{"taxonomy":"location","embeddable":true,"href":"https:\/\/www.vvd.nl\/gemeente-heemstede\/wp-json\/wp\/v2\/location?post=320"}],"curies":[{"name":"wp","href":"https:\/\/api.w.org\/{rel}","templated":true}]}}