{"id":260,"date":"2026-02-16T14:38:34","date_gmt":"2026-02-16T13:38:34","guid":{"rendered":"https:\/\/www.vvd.nl\/gemeente-gorinchem\/?post_type=news&#038;p=260"},"modified":"2026-02-16T14:40:25","modified_gmt":"2026-02-16T13:40:25","slug":"kandidatenlijst-2026-bekend","status":"publish","type":"news","link":"https:\/\/www.vvd.nl\/gemeente-gorinchem\/nieuws\/kandidatenlijst-2026-bekend\/","title":{"rendered":"Kandidatenlijst 2026 bekend!"},"content":{"rendered":"\n<div class=\"block content\">\n\t<div class=\"container\">\n\t\t<p>\ud83d\udd36 VVD Gorinchem zet in op ervaring \u00e9n vernieuwing<\/p>\n<p>Een sterke en veelzijdige kandidatenlijst voor de gemeenteraadsverkiezingen van 18 maart 2026, continu\u00efteit \u00e9n frisse idee\u00ebn voor Gorinchem.<br \/>\nBij VVD Gorinchem draait het om doen, focus op uitvoering en resultaten. We zijn praktisch ingesteld, met een luisterend oor, klaar om zichtbaar het verschil te maken in de stad. <\/p>\n<p>#\ufe0f\u20e3 Lijsttrekker Niels van Santen heeft acht jaar politieke ervaring en stond ook op onze landelijke lijst. Cleo van Gorkom was fractieassistent met onderwijs als speerpunt. Nico Andressen en Evert Van Ekelen zijn de huidige fractieassistenten, zeer betrokken Gorcumers met hart voor de lokale economie en een financieel gezonde stad. Wethouder Attie Mager zet zich vol overgave enthousiast in en bouwt graag verder aan mooie resultaten. <\/p>\n<p>\ud83d\udcd8 Het verkiezingsprogramma van VVD Gorinchem heeft als uitgangspunt \u2018Doen wat werkt voor Gorinchem\u2019. De VVD staat voor een stad waar je veilig woont, je bedrijf groeit en je kinderen kansen krijgen. Daarbij gebruik makend van het regionale en landelijke netwerk.<\/p>\n<p>\ud83d\udfe0 Bekende lijstduwers en oud-raadsleden versterken de mix van ervaring en nieuwe energie. De kandidaten voelen zich thuis in Gorinchem, vertegenwoordigen diverse beroepsgroepen van leerkracht tot directeur, van arts tot piloot, van communicatie adviseur tot financieel expert. Daarbij kennen zij hun stad, alle wijken zijn vertegenwoordigd, zodat we adequaat kunnen anticiperen op wat er in de stad speelt.<br \/>\nWe gaan ervoor!<\/p>\n<img decoding=\"async\" loading=\"lazy\" src=\"https:\/\/www.vvd.nl\/wp-content\/uploads\/sites\/233\/2026\/02\/1771100157957-300x134.jpeg\" alt=\"\" width=\"300\" height=\"134\" class=\"alignnone size-medium wp-image-262\" srcset=\"https:\/\/www.vvd.nl\/wp-content\/uploads\/sites\/233\/2026\/02\/1771100157957-300x134.jpeg 300w, https:\/\/www.vvd.nl\/wp-content\/uploads\/sites\/233\/2026\/02\/1771100157957-768x344.jpeg 768w, https:\/\/www.vvd.nl\/wp-content\/uploads\/sites\/233\/2026\/02\/1771100157957-833x373.jpeg 833w, https:\/\/www.vvd.nl\/wp-content\/uploads\/sites\/233\/2026\/02\/1771100157957-625x280.jpeg 625w, https:\/\/www.vvd.nl\/wp-content\/uploads\/sites\/233\/2026\/02\/1771100157957.jpeg 1015w\" sizes=\"auto, (max-width: 300px) 100vw, 300px\" \/>\n\t<\/div>\n<\/div>\n","protected":false},"featured_media":261,"template":"","subject":[],"news_tag":[],"nationwide_theme":[],"local_theme":[],"location":[],"class_list":["post-260","news","type-news","status-publish","has-post-thumbnail","hentry"],"acf":[],"publishpress_future_workflow_manual_trigger":{"enabledWorkflows":[]},"_links":{"self":[{"href":"https:\/\/www.vvd.nl\/gemeente-gorinchem\/wp-json\/wp\/v2\/news\/260","targetHints":{"allow":["GET"]}}],"collection":[{"href":"https:\/\/www.vvd.nl\/gemeente-gorinchem\/wp-json\/wp\/v2\/news"}],"about":[{"href":"https:\/\/www.vvd.nl\/gemeente-gorinchem\/wp-json\/wp\/v2\/types\/news"}],"wp:featuredmedia":[{"embeddable":true,"href":"https:\/\/www.vvd.nl\/gemeente-gorinchem\/wp-json\/wp\/v2\/media\/261"}],"wp:attachment":[{"href":"https:\/\/www.vvd.nl\/gemeente-gorinchem\/wp-json\/wp\/v2\/media?parent=260"}],"wp:term":[{"taxonomy":"subject","embeddable":true,"href":"https:\/\/www.vvd.nl\/gemeente-gorinchem\/wp-json\/wp\/v2\/subject?post=260"},{"taxonomy":"news_tag","embeddable":true,"href":"https:\/\/www.vvd.nl\/gemeente-gorinchem\/wp-json\/wp\/v2\/news_tag?post=260"},{"taxonomy":"nationwide_theme","embeddable":true,"href":"https:\/\/www.vvd.nl\/gemeente-gorinchem\/wp-json\/wp\/v2\/nationwide_theme?post=260"},{"taxonomy":"local_theme","embeddable":true,"href":"https:\/\/www.vvd.nl\/gemeente-gorinchem\/wp-json\/wp\/v2\/local_theme?post=260"},{"taxonomy":"location","embeddable":true,"href":"https:\/\/www.vvd.nl\/gemeente-gorinchem\/wp-json\/wp\/v2\/location?post=260"}],"curies":[{"name":"wp","href":"https:\/\/api.w.org\/{rel}","templated":true}]}}